{"id":4097,"date":"2024-02-19T15:40:15","date_gmt":"2024-02-19T14:40:15","guid":{"rendered":"https:\/\/publicvalue.srgssr.ch\/?p=4097"},"modified":"2024-08-23T14:55:54","modified_gmt":"2024-08-23T12:55:54","slug":"le-dialogue-suisse-creer-des-ponts-entre-les-regions-linguistiques","status":"publish","type":"post","link":"https:\/\/publicvalue.srgssr.ch\/fr\/le-dialogue-suisse-creer-des-ponts-entre-les-regions-linguistiques\/","title":{"rendered":"Le \u00abdialogue\u00bb suisse: cr\u00e9er des ponts entre les r\u00e9gions linguistiques"},"content":{"rendered":"","protected":false},"excerpt":{"rendered":"","protected":false},"author":4,"featured_media":0,"comment_status":"open","ping_status":"open","sticky":false,"template":"","format":"standard","meta":{"_acf_changed":false,"footnotes":""},"categories":[53],"tags":[496,486],"class_list":["post-4097","post","type-post","status-publish","format-standard","hentry","category-cohesion","tag-inclusion","tag-story-fr"],"acf":[],"yoast_head":"<!-- This site is optimized with the Yoast SEO plugin v22.8 - https:\/\/yoast.com\/wordpress\/plugins\/seo\/ -->\n<title>Le \u00abdialogue\u00bb suisse: cr\u00e9er des ponts entre les r\u00e9gions linguistiques - SRG<\/title>\n<meta name=\"description\" content=\"\u00abEinverstanden, aber...\u00bb et \u00abd&#039;accord, mais...\u00bb: pour la premi\u00e8re fois, les Thurgovien.nes et Geneveois.es peuvent d\u00e9battre ensemble dans leur langue respective. La plateforme en ligne \u00abdialogue\u00bb de la SSR permet de cr\u00e9er un pont au-dessus du R\u00f6stigraben et de renforcer la compr\u00e9hension mutuelle et l&#039;identit\u00e9 commune.\" \/>\n<meta name=\"robots\" content=\"index, follow, max-snippet:-1, max-image-preview:large, max-video-preview:-1\" \/>\n<link rel=\"canonical\" href=\"https:\/\/publicvalue.srgssr.ch\/fr\/le-dialogue-suisse-creer-des-ponts-entre-les-regions-linguistiques\/\" \/>\n<meta property=\"og:locale\" content=\"fr_FR\" \/>\n<meta property=\"og:type\" content=\"article\" \/>\n<meta property=\"og:title\" content=\"Le \u00abdialogue\u00bb suisse: cr\u00e9er des ponts entre les r\u00e9gions linguistiques - SRG\" \/>\n<meta property=\"og:description\" content=\"\u00abEinverstanden, aber...\u00bb et \u00abd&#039;accord, mais...\u00bb: pour la premi\u00e8re fois, les Thurgovien.nes et Geneveois.es peuvent d\u00e9battre ensemble dans leur langue respective. La plateforme en ligne \u00abdialogue\u00bb de la SSR permet de cr\u00e9er un pont au-dessus du R\u00f6stigraben et de renforcer la compr\u00e9hension mutuelle et l&#039;identit\u00e9 commune.\" \/>\n<meta property=\"og:url\" content=\"https:\/\/publicvalue.srgssr.ch\/fr\/le-dialogue-suisse-creer-des-ponts-entre-les-regions-linguistiques\/\" \/>\n<meta property=\"og:site_name\" content=\"SRG\" \/>\n<meta property=\"article:published_time\" content=\"2024-02-19T14:40:15+00:00\" \/>\n<meta property=\"article:modified_time\" content=\"2024-08-23T12:55:54+00:00\" \/>\n<meta property=\"og:image\" content=\"https:\/\/publicvalue.srgssr.ch\/wp-content\/uploads\/2023\/06\/OG-Image.png\" \/>\n\t<meta property=\"og:image:width\" content=\"1200\" \/>\n\t<meta property=\"og:image:height\" content=\"627\" \/>\n\t<meta property=\"og:image:type\" content=\"image\/png\" \/>\n<meta name=\"author\" content=\"Henriette Engbersen\" \/>\n<meta name=\"twitter:card\" content=\"summary_large_image\" \/>\n<meta name=\"twitter:label1\" content=\"\u00c9crit par\" \/>\n\t<meta name=\"twitter:data1\" content=\"Henriette Engbersen\" \/>\n\t<meta name=\"twitter:label2\" content=\"Dur\u00e9e de lecture estim\u00e9e\" \/>\n\t<meta name=\"twitter:data2\" content=\"7 minutes\" \/>\n<script type=\"application\/ld+json\" class=\"yoast-schema-graph\">{\"@context\":\"https:\/\/schema.org\",\"@graph\":[{\"@type\":\"WebPage\",\"@id\":\"https:\/\/publicvalue.srgssr.ch\/fr\/le-dialogue-suisse-creer-des-ponts-entre-les-regions-linguistiques\/\",\"url\":\"https:\/\/publicvalue.srgssr.ch\/fr\/le-dialogue-suisse-creer-des-ponts-entre-les-regions-linguistiques\/\",\"name\":\"Le \u00abdialogue\u00bb suisse: cr\u00e9er des ponts entre les r\u00e9gions linguistiques - SRG\",\"isPartOf\":{\"@id\":\"https:\/\/publicvalue.srgssr.ch\/fr\/#website\"},\"datePublished\":\"2024-02-19T14:40:15+00:00\",\"dateModified\":\"2024-08-23T12:55:54+00:00\",\"author\":{\"@id\":\"https:\/\/publicvalue.srgssr.ch\/fr\/#\/schema\/person\/7729c0ac7ac23fce140e21e117da0c59\"},\"description\":\"\u00abEinverstanden, aber...\u00bb et \u00abd'accord, mais...\u00bb: pour la premi\u00e8re fois, les Thurgovien.nes et Geneveois.es peuvent d\u00e9battre ensemble dans leur langue respective. La plateforme en ligne \u00abdialogue\u00bb de la SSR permet de cr\u00e9er un pont au-dessus du R\u00f6stigraben et de renforcer la compr\u00e9hension mutuelle et l'identit\u00e9 commune.\",\"breadcrumb\":{\"@id\":\"https:\/\/publicvalue.srgssr.ch\/fr\/le-dialogue-suisse-creer-des-ponts-entre-les-regions-linguistiques\/#breadcrumb\"},\"inLanguage\":\"fr-FR\",\"potentialAction\":[{\"@type\":\"ReadAction\",\"target\":[\"https:\/\/publicvalue.srgssr.ch\/fr\/le-dialogue-suisse-creer-des-ponts-entre-les-regions-linguistiques\/\"]}]},{\"@type\":\"BreadcrumbList\",\"@id\":\"https:\/\/publicvalue.srgssr.ch\/fr\/le-dialogue-suisse-creer-des-ponts-entre-les-regions-linguistiques\/#breadcrumb\",\"itemListElement\":[{\"@type\":\"ListItem\",\"position\":1,\"name\":\"Coh\u00e9sion\",\"item\":\"https:\/\/publicvalue.srgssr.ch\/fr\/category\/cohesion\/\"},{\"@type\":\"ListItem\",\"position\":2,\"name\":\"Le \u00abdialogue\u00bb suisse: cr\u00e9er des ponts entre les r\u00e9gions linguistiques\"}]},{\"@type\":\"WebSite\",\"@id\":\"https:\/\/publicvalue.srgssr.ch\/fr\/#website\",\"url\":\"https:\/\/publicvalue.srgssr.ch\/fr\/\",\"name\":\"SRG\",\"description\":\"\",\"potentialAction\":[{\"@type\":\"SearchAction\",\"target\":{\"@type\":\"EntryPoint\",\"urlTemplate\":\"https:\/\/publicvalue.srgssr.ch\/fr\/?s={search_term_string}\"},\"query-input\":\"required name=search_term_string\"}],\"inLanguage\":\"fr-FR\"},{\"@type\":\"Person\",\"@id\":\"https:\/\/publicvalue.srgssr.ch\/fr\/#\/schema\/person\/7729c0ac7ac23fce140e21e117da0c59\",\"name\":\"Henriette Engbersen\"}]}<\/script>\n<!-- \/ Yoast SEO plugin. -->","yoast_head_json":{"title":"Le \u00abdialogue\u00bb suisse: cr\u00e9er des ponts entre les r\u00e9gions linguistiques - SRG","description":"\u00abEinverstanden, aber...\u00bb et \u00abd'accord, mais...\u00bb: pour la premi\u00e8re fois, les Thurgovien.nes et Geneveois.es peuvent d\u00e9battre ensemble dans leur langue respective. La plateforme en ligne \u00abdialogue\u00bb de la SSR permet de cr\u00e9er un pont au-dessus du R\u00f6stigraben et de renforcer la compr\u00e9hension mutuelle et l'identit\u00e9 commune.","robots":{"index":"index","follow":"follow","max-snippet":"max-snippet:-1","max-image-preview":"max-image-preview:large","max-video-preview":"max-video-preview:-1"},"canonical":"https:\/\/publicvalue.srgssr.ch\/fr\/le-dialogue-suisse-creer-des-ponts-entre-les-regions-linguistiques\/","og_locale":"fr_FR","og_type":"article","og_title":"Le \u00abdialogue\u00bb suisse: cr\u00e9er des ponts entre les r\u00e9gions linguistiques - SRG","og_description":"\u00abEinverstanden, aber...\u00bb et \u00abd'accord, mais...\u00bb: pour la premi\u00e8re fois, les Thurgovien.nes et Geneveois.es peuvent d\u00e9battre ensemble dans leur langue respective. La plateforme en ligne \u00abdialogue\u00bb de la SSR permet de cr\u00e9er un pont au-dessus du R\u00f6stigraben et de renforcer la compr\u00e9hension mutuelle et l'identit\u00e9 commune.","og_url":"https:\/\/publicvalue.srgssr.ch\/fr\/le-dialogue-suisse-creer-des-ponts-entre-les-regions-linguistiques\/","og_site_name":"SRG","article_published_time":"2024-02-19T14:40:15+00:00","article_modified_time":"2024-08-23T12:55:54+00:00","og_image":[{"width":1200,"height":627,"url":"https:\/\/publicvalue.srgssr.ch\/wp-content\/uploads\/2023\/06\/OG-Image.png","type":"image\/png"}],"author":"Henriette Engbersen","twitter_card":"summary_large_image","twitter_misc":{"\u00c9crit par":"Henriette Engbersen","Dur\u00e9e de lecture estim\u00e9e":"7 minutes"},"schema":{"@context":"https:\/\/schema.org","@graph":[{"@type":"WebPage","@id":"https:\/\/publicvalue.srgssr.ch\/fr\/le-dialogue-suisse-creer-des-ponts-entre-les-regions-linguistiques\/","url":"https:\/\/publicvalue.srgssr.ch\/fr\/le-dialogue-suisse-creer-des-ponts-entre-les-regions-linguistiques\/","name":"Le \u00abdialogue\u00bb suisse: cr\u00e9er des ponts entre les r\u00e9gions linguistiques - SRG","isPartOf":{"@id":"https:\/\/publicvalue.srgssr.ch\/fr\/#website"},"datePublished":"2024-02-19T14:40:15+00:00","dateModified":"2024-08-23T12:55:54+00:00","author":{"@id":"https:\/\/publicvalue.srgssr.ch\/fr\/#\/schema\/person\/7729c0ac7ac23fce140e21e117da0c59"},"description":"\u00abEinverstanden, aber...\u00bb et \u00abd'accord, mais...\u00bb: pour la premi\u00e8re fois, les Thurgovien.nes et Geneveois.es peuvent d\u00e9battre ensemble dans leur langue respective. La plateforme en ligne \u00abdialogue\u00bb de la SSR permet de cr\u00e9er un pont au-dessus du R\u00f6stigraben et de renforcer la compr\u00e9hension mutuelle et l'identit\u00e9 commune.","breadcrumb":{"@id":"https:\/\/publicvalue.srgssr.ch\/fr\/le-dialogue-suisse-creer-des-ponts-entre-les-regions-linguistiques\/#breadcrumb"},"inLanguage":"fr-FR","potentialAction":[{"@type":"ReadAction","target":["https:\/\/publicvalue.srgssr.ch\/fr\/le-dialogue-suisse-creer-des-ponts-entre-les-regions-linguistiques\/"]}]},{"@type":"BreadcrumbList","@id":"https:\/\/publicvalue.srgssr.ch\/fr\/le-dialogue-suisse-creer-des-ponts-entre-les-regions-linguistiques\/#breadcrumb","itemListElement":[{"@type":"ListItem","position":1,"name":"Coh\u00e9sion","item":"https:\/\/publicvalue.srgssr.ch\/fr\/category\/cohesion\/"},{"@type":"ListItem","position":2,"name":"Le \u00abdialogue\u00bb suisse: cr\u00e9er des ponts entre les r\u00e9gions linguistiques"}]},{"@type":"WebSite","@id":"https:\/\/publicvalue.srgssr.ch\/fr\/#website","url":"https:\/\/publicvalue.srgssr.ch\/fr\/","name":"SRG","description":"","potentialAction":[{"@type":"SearchAction","target":{"@type":"EntryPoint","urlTemplate":"https:\/\/publicvalue.srgssr.ch\/fr\/?s={search_term_string}"},"query-input":"required name=search_term_string"}],"inLanguage":"fr-FR"},{"@type":"Person","@id":"https:\/\/publicvalue.srgssr.ch\/fr\/#\/schema\/person\/7729c0ac7ac23fce140e21e117da0c59","name":"Henriette Engbersen"}]}},"_links":{"self":[{"href":"https:\/\/publicvalue.srgssr.ch\/fr\/wp-json\/wp\/v2\/posts\/4097","targetHints":{"allow":["GET"]}}],"collection":[{"href":"https:\/\/publicvalue.srgssr.ch\/fr\/wp-json\/wp\/v2\/posts"}],"about":[{"href":"https:\/\/publicvalue.srgssr.ch\/fr\/wp-json\/wp\/v2\/types\/post"}],"author":[{"embeddable":true,"href":"https:\/\/publicvalue.srgssr.ch\/fr\/wp-json\/wp\/v2\/users\/4"}],"replies":[{"embeddable":true,"href":"https:\/\/publicvalue.srgssr.ch\/fr\/wp-json\/wp\/v2\/comments?post=4097"}],"version-history":[{"count":18,"href":"https:\/\/publicvalue.srgssr.ch\/fr\/wp-json\/wp\/v2\/posts\/4097\/revisions"}],"predecessor-version":[{"id":6996,"href":"https:\/\/publicvalue.srgssr.ch\/fr\/wp-json\/wp\/v2\/posts\/4097\/revisions\/6996"}],"wp:attachment":[{"href":"https:\/\/publicvalue.srgssr.ch\/fr\/wp-json\/wp\/v2\/media?parent=4097"}],"wp:term":[{"taxonomy":"category","embeddable":true,"href":"https:\/\/publicvalue.srgssr.ch\/fr\/wp-json\/wp\/v2\/categories?post=4097"},{"taxonomy":"post_tag","embeddable":true,"href":"https:\/\/publicvalue.srgssr.ch\/fr\/wp-json\/wp\/v2\/tags?post=4097"}],"curies":[{"name":"wp","href":"https:\/\/api.w.org\/{rel}","templated":true}]}}